	{"id":9198,"date":"2026-03-16T08:58:02","date_gmt":"2026-03-16T07:58:02","guid":{"rendered":"https:\/\/www.econindustries.com\/?p=9198"},"modified":"2026-03-16T09:00:58","modified_gmt":"2026-03-16T08:00:58","slug":"bayerische-abfalltage-2026-vacudry-sonderabfall-entsorgung","status":"publish","type":"post","link":"https:\/\/www.econindustries.com\/de\/allgemein-de\/bayerische-abfalltage-2026-vacudry-sonderabfall-entsorgung","title":{"rendered":"Kreislaufwirtschaft braucht echte Alternativen: Wir sind auf den Bayerischen Abfall- und Deponietagen 2026"},"content":{"rendered":"<p data-start=\"293\" data-end=\"432\">Bayern ist unser Zuhause und genau hier zeigen wir, wie die Zukunft der Sonderabfallentsorgung und der Kreislaufwirtschaft aussehen kann.<\/p>\n<p data-start=\"434\" data-end=\"923\">Am <strong data-start=\"437\" data-end=\"462\">25. und 26. M\u00e4rz 2026<\/strong> sind wir bei den <strong data-start=\"480\" data-end=\"524\">27. Bayerischen Abfall- und Deponietagen<\/strong>, dem KUMAS-Fachkongress im <strong data-start=\"552\" data-end=\"584\">Kongress am Park in Augsburg<\/strong>, vertreten. F\u00fcr uns sind die Bayerischen Abfalltage weit mehr als nur eine weitere Branchenveranstaltung. Als bayerisches Unternehmen freuen wir uns besonders, hier mit Fachleuten aus der Branche ins Gespr\u00e4ch zu kommen und zu zeigen, was unsere <strong data-start=\"830\" data-end=\"854\">VacuDry\u00ae Technologie<\/strong> bereits weltweit leistet &#8211; und vielleicht schon bald auch in Bayern.<\/p>\n<h2 data-section-id=\"twmaod\" data-start=\"925\" data-end=\"988\">Kreislaufwirtschaft braucht Resilienz und echte Alternativen<\/h2>\n<p data-start=\"990\" data-end=\"1312\">Die aktuelle weltpolitische Lage zeigt deutlich: Rohstoffversorgung muss resilienter werden und Recyclingquoten m\u00fcssen steigen. Genau diese Themen stehen auch im Fokus des Kongresses: von thermischer Abfallbehandlung \u00fcber Kl\u00e4rschlammentsorgung bis hin zu aktuellen Entwicklungen im Deponierecht.<\/p>\n<p data-start=\"1314\" data-end=\"1393\">Gleichzeitig w\u00e4chst der Druck auf klassische Entsorgungswege f\u00fcr Sonderabf\u00e4lle:<\/p>\n<ul>\n<li data-start=\"1314\" data-end=\"1393\">Veraltete Verbrennungsanlagen werden stillgelegt oder m\u00fcssen f\u00fcr besseren Emissionsschutz teuer nachger\u00fcstet werden.<\/li>\n<li data-section-id=\"cdrzk8\" data-start=\"1395\" data-end=\"1504\">CO\u2082-Abscheidung und steigende Zertifikatskosten treiben die Verbrennungspreise \u2013 Experten sprechen mittelfristig von einer Verdoppelung.<\/li>\n<li data-section-id=\"cdrzk8\" data-start=\"1395\" data-end=\"1504\">Die Dekarbonisierung\u00a0schr\u00e4nkt die Mitverbrennung von Abf\u00e4llen in der Zementindustrie und fossilen Kraftwerken ein.<\/li>\n<\/ul>\n<p data-start=\"1779\" data-end=\"1905\">Gerade bei <strong data-start=\"1790\" data-end=\"1836\">gef\u00e4hrlichen festen oder past\u00f6sen Abf\u00e4llen<\/strong> lohnt es sich daher, bestehende Entsorgungsstrategien neu zu denken und nicht immer nur zu akzeptieren was es gerade gibt.<\/p>\n<h2 data-section-id=\"1adkc8j\" data-start=\"1907\" data-end=\"1947\">VacuDry\u00ae: Recycling statt Verbrennung<\/h2>\n<p data-start=\"1949\" data-end=\"2123\">Mit unserer <strong data-start=\"1961\" data-end=\"1985\">VacuDry\u00ae Technologie<\/strong> verfolgen wir einen anderen Ansatz: Statt Abf\u00e4lle zu verbrennen, erm\u00f6glichen wir <strong data-start=\"2067\" data-end=\"2122\">echte Ressourcengewinnung aus gef\u00e4hrlichen Abf\u00e4llen<\/strong>.<\/p>\n<p data-start=\"2125\" data-end=\"2437\">Im VacuDry\u00ae Prozess werden feste und past\u00f6se Abf\u00e4lle bei <strong data-start=\"2182\" data-end=\"2238\">Temperaturen unter 400 \u00b0C und unter niedrigem Vakuum<\/strong> behandelt. Dabei werden Kohlenwasserstoffe sowie Schadstoffe wie <strong data-start=\"2304\" data-end=\"2345\">Pestizide, Quecksilber oder PFOS\/PFAS<\/strong> effizient von Feststoffen getrennt, ganz ohne Verbrennung und ohne direkte CO\u2082-Emissionen.<\/p>\n<p data-start=\"2439\" data-end=\"2623\">Das Verfahren ist l\u00e4ngst industriell etabliert. <strong data-start=\"2487\" data-end=\"2573\">VacuDry\u00ae Anlagen behandeln weltweit rund 1.000 Tonnen gef\u00e4hrlicher Abf\u00e4lle pro Tag<\/strong> \u2013 zuverl\u00e4ssig, wirtschaftlich und zukunftssicher.<\/p>\n<p data-start=\"2625\" data-end=\"2838\">Gerade erst hat unser Team eine Anlage f\u00fcr <strong data-start=\"2665\" data-end=\"2718\">15.000 Tonnen \u00f6lhaltige Abf\u00e4lle pro Jahr in Katar<\/strong> installiert, wo der Betreiber <strong data-start=\"2746\" data-end=\"2761\">QatarEnergy<\/strong> die Verbrennung ausdr\u00fccklich ausdr\u00fccklich ausgeschlossen hat.<\/p>\n<p data-start=\"2625\" data-end=\"2838\"><img loading=\"lazy\" decoding=\"async\" width=\"1024\" height=\"288\" class=\"alignnone size-large wp-image-9209\" src=\"https:\/\/www.econindustries.com\/wp-content\/uploads\/2026\/03\/KUMAS-Newsletter-VacUDry-12-000-1024x288.png\" alt=\"\" srcset=\"https:\/\/www.econindustries.com\/wp-content\/uploads\/2026\/03\/KUMAS-Newsletter-VacUDry-12-000-1024x288.png 1024w, https:\/\/www.econindustries.com\/wp-content\/uploads\/2026\/03\/KUMAS-Newsletter-VacUDry-12-000-300x84.png 300w, https:\/\/www.econindustries.com\/wp-content\/uploads\/2026\/03\/KUMAS-Newsletter-VacUDry-12-000-768x216.png 768w, https:\/\/www.econindustries.com\/wp-content\/uploads\/2026\/03\/KUMAS-Newsletter-VacUDry-12-000-1536x432.png 1536w, https:\/\/www.econindustries.com\/wp-content\/uploads\/2026\/03\/KUMAS-Newsletter-VacUDry-12-000-1600x450.png 1600w, https:\/\/www.econindustries.com\/wp-content\/uploads\/2026\/03\/KUMAS-Newsletter-VacUDry-12-000-533x150.png 533w, https:\/\/www.econindustries.com\/wp-content\/uploads\/2026\/03\/KUMAS-Newsletter-VacUDry-12-000.png 1920w\" sizes=\"(max-width: 1024px) 100vw, 1024px\" \/><\/p>\n<h2 data-section-id=\"bqs74n\" data-start=\"2840\" data-end=\"2889\">Die Zukunft ist heute &#8211; Sind Sie dabei?<\/h2>\n<p data-start=\"2891\" data-end=\"3118\">Die Anforderungen an die Abfallwirtschaft ver\u00e4ndern sich schnell. Neue gesetzliche Vorgaben, steigende Kosten und zunehmende Rohstoffknappheit machen deutlich, dass nachhaltige und resiliente L\u00f6sungen dringend gebraucht werden. Wir freuen uns darauf, diese Themen auf den <strong data-start=\"3164\" data-end=\"3216\">Bayerischen Abfall- und Deponietagen in Augsburg<\/strong> gemeinsam mit Branchenexperten zu diskutieren und neue Perspektiven f\u00fcr die Behandlung komplexer Abfallstr\u00f6me aufzuzeigen.<\/p>\n<p data-start=\"3341\" data-end=\"3515\">Wer es nicht nach Augsburg schafft, hat sp\u00e4testens auf der <strong data-start=\"3400\" data-end=\"3435\"><a href=\"https:\/\/exhibitors.ifat.de\/de\/aussteller-warengruppen\/aussteller-marken\/aussteller-marken-details\/exhibitorDetail\/ID\/1474422\/?cHash=d0e9fcaed8b2f59dd54818fa04eac8e5\">IFAT M\u00fcnchen<\/a> vom 4.\u20137. Mai 2026<\/strong> die n\u00e4chste Gelegenheit, uns zu treffen \u2013 wie immer in <strong data-start=\"3491\" data-end=\"3514\">Halle A4, Stand 251<\/strong>.<\/p>\n","protected":false},"excerpt":{"rendered":"<p>Bayern ist unser Zuhause und genau hier zeigen wir, wie die Zukunft der Sonderabfallentsorgung und der Kreislaufwirtschaft aussehen kann. Am 25. und 26. M\u00e4rz 2026 sind wir bei den 27. <a class=\"moretag\" href=\"https:\/\/www.econindustries.com\/de\/allgemein-de\/bayerische-abfalltage-2026-vacudry-sonderabfall-entsorgung\">weiterlesen&#8230;<\/a><\/p>\n","protected":false},"author":10,"featured_media":9199,"comment_status":"closed","ping_status":"closed","sticky":false,"template":"","format":"standard","meta":{"_acf_changed":false,"content-type":"","mc4wp_mailchimp_campaign":[],"footnotes":"","_links_to":"","_links_to_target":""},"categories":[4],"tags":[],"class_list":["post-9198","post","type-post","status-publish","format-standard","has-post-thumbnail","hentry","category-allgemein-de"],"acf":[],"yoast_head":"<!-- This site is optimized with the Yoast SEO plugin v27.5 - https:\/\/yoast.com\/product\/yoast-seo-wordpress\/ -->\n<title>Kreislaufwirtschaft f\u00fcr Sonderabf\u00e4lle - Bayern braucht Alternativen!<\/title>\n<meta name=\"description\" content=\"econ industries zeigt auf den Bayerischen Abfall- und Deponietagen 2026, wie VacuDry\u00ae gef\u00e4hrliche Abf\u00e4lle ohne Verbrennung behandelt und wertvolle Ressourcen zur\u00fcckgewinnt.\" \/>\n<meta name=\"robots\" content=\"index, follow, max-snippet:-1, max-image-preview:large, max-video-preview:-1\" \/>\n<link rel=\"canonical\" href=\"https:\/\/www.econindustries.com\/de\/allgemein-de\/bayerische-abfalltage-2026-vacudry-sonderabfall-entsorgung\" \/>\n<meta property=\"og:locale\" content=\"de_DE\" \/>\n<meta property=\"og:type\" content=\"article\" \/>\n<meta property=\"og:title\" content=\"Kreislaufwirtschaft f\u00fcr Sonderabf\u00e4lle - Bayern braucht Alternativen!\" \/>\n<meta property=\"og:description\" content=\"econ industries zeigt auf den Bayerischen Abfall- und Deponietagen 2026, wie VacuDry\u00ae gef\u00e4hrliche Abf\u00e4lle ohne Verbrennung behandelt und wertvolle Ressourcen zur\u00fcckgewinnt.\" \/>\n<meta property=\"og:url\" content=\"https:\/\/www.econindustries.com\/de\/allgemein-de\/bayerische-abfalltage-2026-vacudry-sonderabfall-entsorgung\" \/>\n<meta property=\"og:site_name\" content=\"econ industries services GmbH\" \/>\n<meta property=\"article:publisher\" content=\"https:\/\/www.facebook.com\/econindustries\" \/>\n<meta property=\"article:published_time\" content=\"2026-03-16T07:58:02+00:00\" \/>\n<meta property=\"article:modified_time\" content=\"2026-03-16T08:00:58+00:00\" \/>\n<meta property=\"og:image\" content=\"https:\/\/www.econindustries.com\/wp-content\/uploads\/2026\/03\/KUMAS-Website-Banner-1024x1024.png\" \/>\n\t<meta property=\"og:image:width\" content=\"1024\" \/>\n\t<meta property=\"og:image:height\" content=\"1024\" \/>\n\t<meta property=\"og:image:type\" content=\"image\/png\" \/>\n<meta name=\"author\" content=\"econ industries\" \/>\n<meta name=\"twitter:label1\" content=\"Verfasst von\" \/>\n\t<meta name=\"twitter:data1\" content=\"econ industries\" \/>\n\t<meta name=\"twitter:label2\" content=\"Gesch\u00e4tzte Lesezeit\" \/>\n\t<meta name=\"twitter:data2\" content=\"3\u00a0Minuten\" \/>\n<script type=\"application\/ld+json\" class=\"yoast-schema-graph\">{\"@context\":\"https:\\\/\\\/schema.org\",\"@graph\":[{\"@type\":\"Article\",\"@id\":\"https:\\\/\\\/www.econindustries.com\\\/de\\\/allgemein-de\\\/bayerische-abfalltage-2026-vacudry-sonderabfall-entsorgung#article\",\"isPartOf\":{\"@id\":\"https:\\\/\\\/www.econindustries.com\\\/de\\\/allgemein-de\\\/bayerische-abfalltage-2026-vacudry-sonderabfall-entsorgung\"},\"author\":{\"name\":\"econ industries\",\"@id\":\"https:\\\/\\\/www.econindustries.com\\\/#\\\/schema\\\/person\\\/f46697cfac995fd5ccfdb37ad4eb622b\"},\"headline\":\"Kreislaufwirtschaft braucht echte Alternativen: Wir sind auf den Bayerischen Abfall- und Deponietagen 2026\",\"datePublished\":\"2026-03-16T07:58:02+00:00\",\"dateModified\":\"2026-03-16T08:00:58+00:00\",\"mainEntityOfPage\":{\"@id\":\"https:\\\/\\\/www.econindustries.com\\\/de\\\/allgemein-de\\\/bayerische-abfalltage-2026-vacudry-sonderabfall-entsorgung\"},\"wordCount\":450,\"image\":{\"@id\":\"https:\\\/\\\/www.econindustries.com\\\/de\\\/allgemein-de\\\/bayerische-abfalltage-2026-vacudry-sonderabfall-entsorgung#primaryimage\"},\"thumbnailUrl\":\"https:\\\/\\\/www.econindustries.com\\\/wp-content\\\/uploads\\\/2026\\\/03\\\/KUMAS-Website-Banner.png\",\"inLanguage\":\"de\"},{\"@type\":\"WebPage\",\"@id\":\"https:\\\/\\\/www.econindustries.com\\\/de\\\/allgemein-de\\\/bayerische-abfalltage-2026-vacudry-sonderabfall-entsorgung\",\"url\":\"https:\\\/\\\/www.econindustries.com\\\/de\\\/allgemein-de\\\/bayerische-abfalltage-2026-vacudry-sonderabfall-entsorgung\",\"name\":\"Kreislaufwirtschaft f\u00fcr Sonderabf\u00e4lle - Bayern braucht Alternativen!\",\"isPartOf\":{\"@id\":\"https:\\\/\\\/www.econindustries.com\\\/#website\"},\"primaryImageOfPage\":{\"@id\":\"https:\\\/\\\/www.econindustries.com\\\/de\\\/allgemein-de\\\/bayerische-abfalltage-2026-vacudry-sonderabfall-entsorgung#primaryimage\"},\"image\":{\"@id\":\"https:\\\/\\\/www.econindustries.com\\\/de\\\/allgemein-de\\\/bayerische-abfalltage-2026-vacudry-sonderabfall-entsorgung#primaryimage\"},\"thumbnailUrl\":\"https:\\\/\\\/www.econindustries.com\\\/wp-content\\\/uploads\\\/2026\\\/03\\\/KUMAS-Website-Banner.png\",\"datePublished\":\"2026-03-16T07:58:02+00:00\",\"dateModified\":\"2026-03-16T08:00:58+00:00\",\"author\":{\"@id\":\"https:\\\/\\\/www.econindustries.com\\\/#\\\/schema\\\/person\\\/f46697cfac995fd5ccfdb37ad4eb622b\"},\"description\":\"econ industries zeigt auf den Bayerischen Abfall- und Deponietagen 2026, wie VacuDry\u00ae gef\u00e4hrliche Abf\u00e4lle ohne Verbrennung behandelt und wertvolle Ressourcen zur\u00fcckgewinnt.\",\"breadcrumb\":{\"@id\":\"https:\\\/\\\/www.econindustries.com\\\/de\\\/allgemein-de\\\/bayerische-abfalltage-2026-vacudry-sonderabfall-entsorgung#breadcrumb\"},\"inLanguage\":\"de\",\"potentialAction\":[{\"@type\":\"ReadAction\",\"target\":[\"https:\\\/\\\/www.econindustries.com\\\/de\\\/allgemein-de\\\/bayerische-abfalltage-2026-vacudry-sonderabfall-entsorgung\"]}]},{\"@type\":\"ImageObject\",\"inLanguage\":\"de\",\"@id\":\"https:\\\/\\\/www.econindustries.com\\\/de\\\/allgemein-de\\\/bayerische-abfalltage-2026-vacudry-sonderabfall-entsorgung#primaryimage\",\"url\":\"https:\\\/\\\/www.econindustries.com\\\/wp-content\\\/uploads\\\/2026\\\/03\\\/KUMAS-Website-Banner.png\",\"contentUrl\":\"https:\\\/\\\/www.econindustries.com\\\/wp-content\\\/uploads\\\/2026\\\/03\\\/KUMAS-Website-Banner.png\",\"width\":2048,\"height\":2048},{\"@type\":\"BreadcrumbList\",\"@id\":\"https:\\\/\\\/www.econindustries.com\\\/de\\\/allgemein-de\\\/bayerische-abfalltage-2026-vacudry-sonderabfall-entsorgung#breadcrumb\",\"itemListElement\":[{\"@type\":\"ListItem\",\"position\":1,\"name\":\"Home\",\"item\":\"https:\\\/\\\/www.econindustries.com\\\/de\"},{\"@type\":\"ListItem\",\"position\":2,\"name\":\"Kreislaufwirtschaft braucht echte Alternativen: Wir sind auf den Bayerischen Abfall- und Deponietagen 2026\"}]},{\"@type\":\"WebSite\",\"@id\":\"https:\\\/\\\/www.econindustries.com\\\/#website\",\"url\":\"https:\\\/\\\/www.econindustries.com\\\/\",\"name\":\"econ industries services GmbH\",\"description\":\"\",\"potentialAction\":[{\"@type\":\"SearchAction\",\"target\":{\"@type\":\"EntryPoint\",\"urlTemplate\":\"https:\\\/\\\/www.econindustries.com\\\/?s={search_term_string}\"},\"query-input\":{\"@type\":\"PropertyValueSpecification\",\"valueRequired\":true,\"valueName\":\"search_term_string\"}}],\"inLanguage\":\"de\"},{\"@type\":\"Person\",\"@id\":\"https:\\\/\\\/www.econindustries.com\\\/#\\\/schema\\\/person\\\/f46697cfac995fd5ccfdb37ad4eb622b\",\"name\":\"econ industries\",\"image\":{\"@type\":\"ImageObject\",\"inLanguage\":\"de\",\"@id\":\"https:\\\/\\\/secure.gravatar.com\\\/avatar\\\/c668a990a74cab788656ef7edec4372ad42eb2379f1a3b692048b4c5fc9c3b11?s=96&d=mm&r=g\",\"url\":\"https:\\\/\\\/secure.gravatar.com\\\/avatar\\\/c668a990a74cab788656ef7edec4372ad42eb2379f1a3b692048b4c5fc9c3b11?s=96&d=mm&r=g\",\"contentUrl\":\"https:\\\/\\\/secure.gravatar.com\\\/avatar\\\/c668a990a74cab788656ef7edec4372ad42eb2379f1a3b692048b4c5fc9c3b11?s=96&d=mm&r=g\",\"caption\":\"econ industries\"}}]}<\/script>\n<!-- \/ Yoast SEO plugin. -->","yoast_head_json":{"title":"Kreislaufwirtschaft f\u00fcr Sonderabf\u00e4lle - Bayern braucht Alternativen!","description":"econ industries zeigt auf den Bayerischen Abfall- und Deponietagen 2026, wie VacuDry\u00ae gef\u00e4hrliche Abf\u00e4lle ohne Verbrennung behandelt und wertvolle Ressourcen zur\u00fcckgewinnt.","robots":{"index":"index","follow":"follow","max-snippet":"max-snippet:-1","max-image-preview":"max-image-preview:large","max-video-preview":"max-video-preview:-1"},"canonical":"https:\/\/www.econindustries.com\/de\/allgemein-de\/bayerische-abfalltage-2026-vacudry-sonderabfall-entsorgung","og_locale":"de_DE","og_type":"article","og_title":"Kreislaufwirtschaft f\u00fcr Sonderabf\u00e4lle - Bayern braucht Alternativen!","og_description":"econ industries zeigt auf den Bayerischen Abfall- und Deponietagen 2026, wie VacuDry\u00ae gef\u00e4hrliche Abf\u00e4lle ohne Verbrennung behandelt und wertvolle Ressourcen zur\u00fcckgewinnt.","og_url":"https:\/\/www.econindustries.com\/de\/allgemein-de\/bayerische-abfalltage-2026-vacudry-sonderabfall-entsorgung","og_site_name":"econ industries services GmbH","article_publisher":"https:\/\/www.facebook.com\/econindustries","article_published_time":"2026-03-16T07:58:02+00:00","article_modified_time":"2026-03-16T08:00:58+00:00","og_image":[{"width":1024,"height":1024,"url":"https:\/\/www.econindustries.com\/wp-content\/uploads\/2026\/03\/KUMAS-Website-Banner-1024x1024.png","type":"image\/png"}],"author":"econ industries","twitter_misc":{"Verfasst von":"econ industries","Gesch\u00e4tzte Lesezeit":"3\u00a0Minuten"},"schema":{"@context":"https:\/\/schema.org","@graph":[{"@type":"Article","@id":"https:\/\/www.econindustries.com\/de\/allgemein-de\/bayerische-abfalltage-2026-vacudry-sonderabfall-entsorgung#article","isPartOf":{"@id":"https:\/\/www.econindustries.com\/de\/allgemein-de\/bayerische-abfalltage-2026-vacudry-sonderabfall-entsorgung"},"author":{"name":"econ industries","@id":"https:\/\/www.econindustries.com\/#\/schema\/person\/f46697cfac995fd5ccfdb37ad4eb622b"},"headline":"Kreislaufwirtschaft braucht echte Alternativen: Wir sind auf den Bayerischen Abfall- und Deponietagen 2026","datePublished":"2026-03-16T07:58:02+00:00","dateModified":"2026-03-16T08:00:58+00:00","mainEntityOfPage":{"@id":"https:\/\/www.econindustries.com\/de\/allgemein-de\/bayerische-abfalltage-2026-vacudry-sonderabfall-entsorgung"},"wordCount":450,"image":{"@id":"https:\/\/www.econindustries.com\/de\/allgemein-de\/bayerische-abfalltage-2026-vacudry-sonderabfall-entsorgung#primaryimage"},"thumbnailUrl":"https:\/\/www.econindustries.com\/wp-content\/uploads\/2026\/03\/KUMAS-Website-Banner.png","inLanguage":"de"},{"@type":"WebPage","@id":"https:\/\/www.econindustries.com\/de\/allgemein-de\/bayerische-abfalltage-2026-vacudry-sonderabfall-entsorgung","url":"https:\/\/www.econindustries.com\/de\/allgemein-de\/bayerische-abfalltage-2026-vacudry-sonderabfall-entsorgung","name":"Kreislaufwirtschaft f\u00fcr Sonderabf\u00e4lle - Bayern braucht Alternativen!","isPartOf":{"@id":"https:\/\/www.econindustries.com\/#website"},"primaryImageOfPage":{"@id":"https:\/\/www.econindustries.com\/de\/allgemein-de\/bayerische-abfalltage-2026-vacudry-sonderabfall-entsorgung#primaryimage"},"image":{"@id":"https:\/\/www.econindustries.com\/de\/allgemein-de\/bayerische-abfalltage-2026-vacudry-sonderabfall-entsorgung#primaryimage"},"thumbnailUrl":"https:\/\/www.econindustries.com\/wp-content\/uploads\/2026\/03\/KUMAS-Website-Banner.png","datePublished":"2026-03-16T07:58:02+00:00","dateModified":"2026-03-16T08:00:58+00:00","author":{"@id":"https:\/\/www.econindustries.com\/#\/schema\/person\/f46697cfac995fd5ccfdb37ad4eb622b"},"description":"econ industries zeigt auf den Bayerischen Abfall- und Deponietagen 2026, wie VacuDry\u00ae gef\u00e4hrliche Abf\u00e4lle ohne Verbrennung behandelt und wertvolle Ressourcen zur\u00fcckgewinnt.","breadcrumb":{"@id":"https:\/\/www.econindustries.com\/de\/allgemein-de\/bayerische-abfalltage-2026-vacudry-sonderabfall-entsorgung#breadcrumb"},"inLanguage":"de","potentialAction":[{"@type":"ReadAction","target":["https:\/\/www.econindustries.com\/de\/allgemein-de\/bayerische-abfalltage-2026-vacudry-sonderabfall-entsorgung"]}]},{"@type":"ImageObject","inLanguage":"de","@id":"https:\/\/www.econindustries.com\/de\/allgemein-de\/bayerische-abfalltage-2026-vacudry-sonderabfall-entsorgung#primaryimage","url":"https:\/\/www.econindustries.com\/wp-content\/uploads\/2026\/03\/KUMAS-Website-Banner.png","contentUrl":"https:\/\/www.econindustries.com\/wp-content\/uploads\/2026\/03\/KUMAS-Website-Banner.png","width":2048,"height":2048},{"@type":"BreadcrumbList","@id":"https:\/\/www.econindustries.com\/de\/allgemein-de\/bayerische-abfalltage-2026-vacudry-sonderabfall-entsorgung#breadcrumb","itemListElement":[{"@type":"ListItem","position":1,"name":"Home","item":"https:\/\/www.econindustries.com\/de"},{"@type":"ListItem","position":2,"name":"Kreislaufwirtschaft braucht echte Alternativen: Wir sind auf den Bayerischen Abfall- und Deponietagen 2026"}]},{"@type":"WebSite","@id":"https:\/\/www.econindustries.com\/#website","url":"https:\/\/www.econindustries.com\/","name":"econ industries services GmbH","description":"","potentialAction":[{"@type":"SearchAction","target":{"@type":"EntryPoint","urlTemplate":"https:\/\/www.econindustries.com\/?s={search_term_string}"},"query-input":{"@type":"PropertyValueSpecification","valueRequired":true,"valueName":"search_term_string"}}],"inLanguage":"de"},{"@type":"Person","@id":"https:\/\/www.econindustries.com\/#\/schema\/person\/f46697cfac995fd5ccfdb37ad4eb622b","name":"econ industries","image":{"@type":"ImageObject","inLanguage":"de","@id":"https:\/\/secure.gravatar.com\/avatar\/c668a990a74cab788656ef7edec4372ad42eb2379f1a3b692048b4c5fc9c3b11?s=96&d=mm&r=g","url":"https:\/\/secure.gravatar.com\/avatar\/c668a990a74cab788656ef7edec4372ad42eb2379f1a3b692048b4c5fc9c3b11?s=96&d=mm&r=g","contentUrl":"https:\/\/secure.gravatar.com\/avatar\/c668a990a74cab788656ef7edec4372ad42eb2379f1a3b692048b4c5fc9c3b11?s=96&d=mm&r=g","caption":"econ industries"}}]}},"_links":{"self":[{"href":"https:\/\/www.econindustries.com\/de\/wp-json\/wp\/v2\/posts\/9198","targetHints":{"allow":["GET"]}}],"collection":[{"href":"https:\/\/www.econindustries.com\/de\/wp-json\/wp\/v2\/posts"}],"about":[{"href":"https:\/\/www.econindustries.com\/de\/wp-json\/wp\/v2\/types\/post"}],"author":[{"embeddable":true,"href":"https:\/\/www.econindustries.com\/de\/wp-json\/wp\/v2\/users\/10"}],"replies":[{"embeddable":true,"href":"https:\/\/www.econindustries.com\/de\/wp-json\/wp\/v2\/comments?post=9198"}],"version-history":[{"count":7,"href":"https:\/\/www.econindustries.com\/de\/wp-json\/wp\/v2\/posts\/9198\/revisions"}],"predecessor-version":[{"id":9214,"href":"https:\/\/www.econindustries.com\/de\/wp-json\/wp\/v2\/posts\/9198\/revisions\/9214"}],"wp:featuredmedia":[{"embeddable":true,"href":"https:\/\/www.econindustries.com\/de\/wp-json\/wp\/v2\/media\/9199"}],"wp:attachment":[{"href":"https:\/\/www.econindustries.com\/de\/wp-json\/wp\/v2\/media?parent=9198"}],"wp:term":[{"taxonomy":"category","embeddable":true,"href":"https:\/\/www.econindustries.com\/de\/wp-json\/wp\/v2\/categories?post=9198"},{"taxonomy":"post_tag","embeddable":true,"href":"https:\/\/www.econindustries.com\/de\/wp-json\/wp\/v2\/tags?post=9198"}],"curies":[{"name":"wp","href":"https:\/\/api.w.org\/{rel}","templated":true}]}}