	{"id":4664,"date":"2020-03-13T15:56:43","date_gmt":"2020-03-13T13:56:43","guid":{"rendered":"https:\/\/www.econindustries.com\/allgemein-de\/ifat-2020-postponement-to-septembre"},"modified":"2020-03-13T16:02:17","modified_gmt":"2020-03-13T14:02:17","slug":"ifat-2020-postponement-to-septembre","status":"publish","type":"post","link":"https:\/\/www.econindustries.com\/de\/events-de\/ifat-2020-postponement-to-septembre","title":{"rendered":"IFAT 2020 &#8211; Verschiebung auf September"},"content":{"rendered":"<p>Es hatte sich in den letzten Tagen angedeutet, nun ist es offiziell: Aufgrund der zunehmenden Ausbreitung des Coronavirus wird die <a href=\"https:\/\/www.linkedin.com\/company\/3204807\/\" target=\"_blank\" rel=\"noopener noreferrer\">IFAT 2020<\/a> verschoben. Sie wird vom <strong>07. &#8211; 11. September<\/strong> stattfinden.<\/p>\n<p>Wir begr\u00fc\u00dfen die Entscheidung &#8211; die Gesundheit unserer Mitarbeiter, Kunden, Partner und von allen anderen Messeteilnehmern geht in jedem Fall vor. Alle Fragen rund um die Verschiebung werden auf der <a href=\"https:\/\/www.ifat.de\/de\/\">IFAT Homepage<\/a> beantwortet.<\/p>\n<p>Wir werden die Planungen f\u00fcr unseren Messestand entsprechend anpassen und freuen uns, Sie dann im Herbst an unserem <strong>Stand A4.251<\/strong> begr\u00fc\u00dfen zu d\u00fcrfen.<\/p>\n<p>Sollten Sie in der Zwischenzeit Fragen haben oder ben\u00f6tigen Sie Informationen zu unseren Produkten, rufen Sie uns gerne an unter <strong>+49 8151 \u2013 4463770<\/strong> oder schreiben Sie eine E-Mail an <a href=\"&#109;&#x61;&#105;&#x6c;&#116;&#x6f;&#58;&#x73;a&#x6c;e&#x73;&#64;&#x65;c&#111;&#x6e;&#105;&#x6e;&#100;&#x75;&#115;&#x74;&#114;&#x69;e&#x73;&#46;&#x63;o&#x6d;\"><strong>&#x73;&#97;l&#x65;&#115;&#64;&#x65;&#99;o&#x6e;&#x69;&#110;&#x64;&#x75;&#115;t&#x72;&#105;e&#x73;&#46;c&#x6f;&#x6d;<\/strong><\/a>.<\/p>\n<p>Abonnieren Sie unseren <a href=\"https:\/\/www.econindustries.com\/\">Newsletter<\/a> oder folgen Sie uns auf <a href=\"https:\/\/www.linkedin.com\/company\/3204807\/\">Linkedin<\/a> und <a href=\"https:\/\/twitter.com\/econ_industries\">Twitter<\/a>, um \u00fcber alle aktuellen Entwicklungen bei econ industries informiert zu werden.<\/p>\n<p>Wir freuen uns auf Ihren Besuch im Herbst. <strong>Bleiben Sie gesund!<\/strong><\/p>\n","protected":false},"excerpt":{"rendered":"<p>Es hatte sich in den letzten Tagen angedeutet, nun ist es offiziell: Aufgrund der zunehmenden Ausbreitung des Coronavirus wird die IFAT 2020 verschoben. Sie wird vom 07. &#8211; 11. September <a class=\"moretag\" href=\"https:\/\/www.econindustries.com\/de\/events-de\/ifat-2020-postponement-to-septembre\">weiterlesen&#8230;<\/a><\/p>\n","protected":false},"author":10,"featured_media":4673,"comment_status":"closed","ping_status":"closed","sticky":false,"template":"","format":"standard","meta":{"_acf_changed":false,"content-type":"","mc4wp_mailchimp_campaign":[],"footnotes":"","_links_to":"","_links_to_target":""},"categories":[272],"tags":[156,359],"class_list":["post-4664","post","type-post","status-publish","format-standard","has-post-thumbnail","hentry","category-events-de","tag-ceo-reinhard-schmidt-de","tag-ifat-2020-de"],"acf":[],"yoast_head":"<!-- This site is optimized with the Yoast SEO plugin v27.5 - https:\/\/yoast.com\/product\/yoast-seo-wordpress\/ -->\n<title>IFAT 2020<\/title>\n<meta name=\"description\" content=\"Aufgrund der zunehmenden Ausbreitung des Coronavirus wird die IFAT 2020 verschoben. Sie wird vom 07. - 11. September stattfinden.\" \/>\n<meta name=\"robots\" content=\"index, follow, max-snippet:-1, max-image-preview:large, max-video-preview:-1\" \/>\n<link rel=\"canonical\" href=\"https:\/\/www.econindustries.com\/de\/events-de\/ifat-2020-postponement-to-septembre\" \/>\n<meta property=\"og:locale\" content=\"de_DE\" \/>\n<meta property=\"og:type\" content=\"article\" \/>\n<meta property=\"og:title\" content=\"IFAT 2020\" \/>\n<meta property=\"og:description\" content=\"Aufgrund der zunehmenden Ausbreitung des Coronavirus wird die IFAT 2020 verschoben. Sie wird vom 07. - 11. September stattfinden.\" \/>\n<meta property=\"og:url\" content=\"https:\/\/www.econindustries.com\/de\/events-de\/ifat-2020-postponement-to-septembre\" \/>\n<meta property=\"og:site_name\" content=\"econ industries services GmbH\" \/>\n<meta property=\"article:publisher\" content=\"https:\/\/www.facebook.com\/econindustries\" \/>\n<meta property=\"article:published_time\" content=\"2020-03-13T13:56:43+00:00\" \/>\n<meta property=\"article:modified_time\" content=\"2020-03-13T14:02:17+00:00\" \/>\n<meta property=\"og:image\" content=\"https:\/\/www.econindustries.com\/wp-content\/uploads\/2020\/03\/IFAT-postponed-orange-anderes-Format-1.jpg\" \/>\n\t<meta property=\"og:image:width\" content=\"480\" \/>\n\t<meta property=\"og:image:height\" content=\"320\" \/>\n\t<meta property=\"og:image:type\" content=\"image\/jpeg\" \/>\n<meta name=\"author\" content=\"econ industries\" \/>\n<meta name=\"twitter:label1\" content=\"Verfasst von\" \/>\n\t<meta name=\"twitter:data1\" content=\"econ industries\" \/>\n\t<meta name=\"twitter:label2\" content=\"Gesch\u00e4tzte Lesezeit\" \/>\n\t<meta name=\"twitter:data2\" content=\"1\u00a0Minute\" \/>\n<script type=\"application\/ld+json\" class=\"yoast-schema-graph\">{\"@context\":\"https:\\\/\\\/schema.org\",\"@graph\":[{\"@type\":\"Article\",\"@id\":\"https:\\\/\\\/www.econindustries.com\\\/de\\\/events-de\\\/ifat-2020-postponement-to-septembre#article\",\"isPartOf\":{\"@id\":\"https:\\\/\\\/www.econindustries.com\\\/de\\\/events-de\\\/ifat-2020-postponement-to-septembre\"},\"author\":{\"name\":\"econ industries\",\"@id\":\"https:\\\/\\\/www.econindustries.com\\\/#\\\/schema\\\/person\\\/f46697cfac995fd5ccfdb37ad4eb622b\"},\"headline\":\"IFAT 2020 &#8211; Verschiebung auf September\",\"datePublished\":\"2020-03-13T13:56:43+00:00\",\"dateModified\":\"2020-03-13T14:02:17+00:00\",\"mainEntityOfPage\":{\"@id\":\"https:\\\/\\\/www.econindustries.com\\\/de\\\/events-de\\\/ifat-2020-postponement-to-septembre\"},\"wordCount\":157,\"image\":{\"@id\":\"https:\\\/\\\/www.econindustries.com\\\/de\\\/events-de\\\/ifat-2020-postponement-to-septembre#primaryimage\"},\"thumbnailUrl\":\"https:\\\/\\\/www.econindustries.com\\\/wp-content\\\/uploads\\\/2020\\\/03\\\/IFAT-postponed-orange-anderes-Format-1.jpg\",\"keywords\":[\"CEO Reinhard Schmidt\",\"IFAT 2020\"],\"articleSection\":[\"Events\"],\"inLanguage\":\"de\"},{\"@type\":\"WebPage\",\"@id\":\"https:\\\/\\\/www.econindustries.com\\\/de\\\/events-de\\\/ifat-2020-postponement-to-septembre\",\"url\":\"https:\\\/\\\/www.econindustries.com\\\/de\\\/events-de\\\/ifat-2020-postponement-to-septembre\",\"name\":\"IFAT 2020\",\"isPartOf\":{\"@id\":\"https:\\\/\\\/www.econindustries.com\\\/#website\"},\"primaryImageOfPage\":{\"@id\":\"https:\\\/\\\/www.econindustries.com\\\/de\\\/events-de\\\/ifat-2020-postponement-to-septembre#primaryimage\"},\"image\":{\"@id\":\"https:\\\/\\\/www.econindustries.com\\\/de\\\/events-de\\\/ifat-2020-postponement-to-septembre#primaryimage\"},\"thumbnailUrl\":\"https:\\\/\\\/www.econindustries.com\\\/wp-content\\\/uploads\\\/2020\\\/03\\\/IFAT-postponed-orange-anderes-Format-1.jpg\",\"datePublished\":\"2020-03-13T13:56:43+00:00\",\"dateModified\":\"2020-03-13T14:02:17+00:00\",\"author\":{\"@id\":\"https:\\\/\\\/www.econindustries.com\\\/#\\\/schema\\\/person\\\/f46697cfac995fd5ccfdb37ad4eb622b\"},\"description\":\"Aufgrund der zunehmenden Ausbreitung des Coronavirus wird die IFAT 2020 verschoben. Sie wird vom 07. - 11. September stattfinden.\",\"breadcrumb\":{\"@id\":\"https:\\\/\\\/www.econindustries.com\\\/de\\\/events-de\\\/ifat-2020-postponement-to-septembre#breadcrumb\"},\"inLanguage\":\"de\",\"potentialAction\":[{\"@type\":\"ReadAction\",\"target\":[\"https:\\\/\\\/www.econindustries.com\\\/de\\\/events-de\\\/ifat-2020-postponement-to-septembre\"]}]},{\"@type\":\"ImageObject\",\"inLanguage\":\"de\",\"@id\":\"https:\\\/\\\/www.econindustries.com\\\/de\\\/events-de\\\/ifat-2020-postponement-to-septembre#primaryimage\",\"url\":\"https:\\\/\\\/www.econindustries.com\\\/wp-content\\\/uploads\\\/2020\\\/03\\\/IFAT-postponed-orange-anderes-Format-1.jpg\",\"contentUrl\":\"https:\\\/\\\/www.econindustries.com\\\/wp-content\\\/uploads\\\/2020\\\/03\\\/IFAT-postponed-orange-anderes-Format-1.jpg\",\"width\":480,\"height\":320},{\"@type\":\"BreadcrumbList\",\"@id\":\"https:\\\/\\\/www.econindustries.com\\\/de\\\/events-de\\\/ifat-2020-postponement-to-septembre#breadcrumb\",\"itemListElement\":[{\"@type\":\"ListItem\",\"position\":1,\"name\":\"Home\",\"item\":\"https:\\\/\\\/www.econindustries.com\\\/de\"},{\"@type\":\"ListItem\",\"position\":2,\"name\":\"IFAT 2020 &#8211; Verschiebung auf September\"}]},{\"@type\":\"WebSite\",\"@id\":\"https:\\\/\\\/www.econindustries.com\\\/#website\",\"url\":\"https:\\\/\\\/www.econindustries.com\\\/\",\"name\":\"econ industries services GmbH\",\"description\":\"\",\"potentialAction\":[{\"@type\":\"SearchAction\",\"target\":{\"@type\":\"EntryPoint\",\"urlTemplate\":\"https:\\\/\\\/www.econindustries.com\\\/?s={search_term_string}\"},\"query-input\":{\"@type\":\"PropertyValueSpecification\",\"valueRequired\":true,\"valueName\":\"search_term_string\"}}],\"inLanguage\":\"de\"},{\"@type\":\"Person\",\"@id\":\"https:\\\/\\\/www.econindustries.com\\\/#\\\/schema\\\/person\\\/f46697cfac995fd5ccfdb37ad4eb622b\",\"name\":\"econ industries\",\"image\":{\"@type\":\"ImageObject\",\"inLanguage\":\"de\",\"@id\":\"https:\\\/\\\/secure.gravatar.com\\\/avatar\\\/c668a990a74cab788656ef7edec4372ad42eb2379f1a3b692048b4c5fc9c3b11?s=96&d=mm&r=g\",\"url\":\"https:\\\/\\\/secure.gravatar.com\\\/avatar\\\/c668a990a74cab788656ef7edec4372ad42eb2379f1a3b692048b4c5fc9c3b11?s=96&d=mm&r=g\",\"contentUrl\":\"https:\\\/\\\/secure.gravatar.com\\\/avatar\\\/c668a990a74cab788656ef7edec4372ad42eb2379f1a3b692048b4c5fc9c3b11?s=96&d=mm&r=g\",\"caption\":\"econ industries\"}}]}<\/script>\n<!-- \/ Yoast SEO plugin. -->","yoast_head_json":{"title":"IFAT 2020","description":"Aufgrund der zunehmenden Ausbreitung des Coronavirus wird die IFAT 2020 verschoben. Sie wird vom 07. - 11. September stattfinden.","robots":{"index":"index","follow":"follow","max-snippet":"max-snippet:-1","max-image-preview":"max-image-preview:large","max-video-preview":"max-video-preview:-1"},"canonical":"https:\/\/www.econindustries.com\/de\/events-de\/ifat-2020-postponement-to-septembre","og_locale":"de_DE","og_type":"article","og_title":"IFAT 2020","og_description":"Aufgrund der zunehmenden Ausbreitung des Coronavirus wird die IFAT 2020 verschoben. Sie wird vom 07. - 11. September stattfinden.","og_url":"https:\/\/www.econindustries.com\/de\/events-de\/ifat-2020-postponement-to-septembre","og_site_name":"econ industries services GmbH","article_publisher":"https:\/\/www.facebook.com\/econindustries","article_published_time":"2020-03-13T13:56:43+00:00","article_modified_time":"2020-03-13T14:02:17+00:00","og_image":[{"width":480,"height":320,"url":"https:\/\/www.econindustries.com\/wp-content\/uploads\/2020\/03\/IFAT-postponed-orange-anderes-Format-1.jpg","type":"image\/jpeg"}],"author":"econ industries","twitter_misc":{"Verfasst von":"econ industries","Gesch\u00e4tzte Lesezeit":"1\u00a0Minute"},"schema":{"@context":"https:\/\/schema.org","@graph":[{"@type":"Article","@id":"https:\/\/www.econindustries.com\/de\/events-de\/ifat-2020-postponement-to-septembre#article","isPartOf":{"@id":"https:\/\/www.econindustries.com\/de\/events-de\/ifat-2020-postponement-to-septembre"},"author":{"name":"econ industries","@id":"https:\/\/www.econindustries.com\/#\/schema\/person\/f46697cfac995fd5ccfdb37ad4eb622b"},"headline":"IFAT 2020 &#8211; Verschiebung auf September","datePublished":"2020-03-13T13:56:43+00:00","dateModified":"2020-03-13T14:02:17+00:00","mainEntityOfPage":{"@id":"https:\/\/www.econindustries.com\/de\/events-de\/ifat-2020-postponement-to-septembre"},"wordCount":157,"image":{"@id":"https:\/\/www.econindustries.com\/de\/events-de\/ifat-2020-postponement-to-septembre#primaryimage"},"thumbnailUrl":"https:\/\/www.econindustries.com\/wp-content\/uploads\/2020\/03\/IFAT-postponed-orange-anderes-Format-1.jpg","keywords":["CEO Reinhard Schmidt","IFAT 2020"],"articleSection":["Events"],"inLanguage":"de"},{"@type":"WebPage","@id":"https:\/\/www.econindustries.com\/de\/events-de\/ifat-2020-postponement-to-septembre","url":"https:\/\/www.econindustries.com\/de\/events-de\/ifat-2020-postponement-to-septembre","name":"IFAT 2020","isPartOf":{"@id":"https:\/\/www.econindustries.com\/#website"},"primaryImageOfPage":{"@id":"https:\/\/www.econindustries.com\/de\/events-de\/ifat-2020-postponement-to-septembre#primaryimage"},"image":{"@id":"https:\/\/www.econindustries.com\/de\/events-de\/ifat-2020-postponement-to-septembre#primaryimage"},"thumbnailUrl":"https:\/\/www.econindustries.com\/wp-content\/uploads\/2020\/03\/IFAT-postponed-orange-anderes-Format-1.jpg","datePublished":"2020-03-13T13:56:43+00:00","dateModified":"2020-03-13T14:02:17+00:00","author":{"@id":"https:\/\/www.econindustries.com\/#\/schema\/person\/f46697cfac995fd5ccfdb37ad4eb622b"},"description":"Aufgrund der zunehmenden Ausbreitung des Coronavirus wird die IFAT 2020 verschoben. Sie wird vom 07. - 11. September stattfinden.","breadcrumb":{"@id":"https:\/\/www.econindustries.com\/de\/events-de\/ifat-2020-postponement-to-septembre#breadcrumb"},"inLanguage":"de","potentialAction":[{"@type":"ReadAction","target":["https:\/\/www.econindustries.com\/de\/events-de\/ifat-2020-postponement-to-septembre"]}]},{"@type":"ImageObject","inLanguage":"de","@id":"https:\/\/www.econindustries.com\/de\/events-de\/ifat-2020-postponement-to-septembre#primaryimage","url":"https:\/\/www.econindustries.com\/wp-content\/uploads\/2020\/03\/IFAT-postponed-orange-anderes-Format-1.jpg","contentUrl":"https:\/\/www.econindustries.com\/wp-content\/uploads\/2020\/03\/IFAT-postponed-orange-anderes-Format-1.jpg","width":480,"height":320},{"@type":"BreadcrumbList","@id":"https:\/\/www.econindustries.com\/de\/events-de\/ifat-2020-postponement-to-septembre#breadcrumb","itemListElement":[{"@type":"ListItem","position":1,"name":"Home","item":"https:\/\/www.econindustries.com\/de"},{"@type":"ListItem","position":2,"name":"IFAT 2020 &#8211; Verschiebung auf September"}]},{"@type":"WebSite","@id":"https:\/\/www.econindustries.com\/#website","url":"https:\/\/www.econindustries.com\/","name":"econ industries services GmbH","description":"","potentialAction":[{"@type":"SearchAction","target":{"@type":"EntryPoint","urlTemplate":"https:\/\/www.econindustries.com\/?s={search_term_string}"},"query-input":{"@type":"PropertyValueSpecification","valueRequired":true,"valueName":"search_term_string"}}],"inLanguage":"de"},{"@type":"Person","@id":"https:\/\/www.econindustries.com\/#\/schema\/person\/f46697cfac995fd5ccfdb37ad4eb622b","name":"econ industries","image":{"@type":"ImageObject","inLanguage":"de","@id":"https:\/\/secure.gravatar.com\/avatar\/c668a990a74cab788656ef7edec4372ad42eb2379f1a3b692048b4c5fc9c3b11?s=96&d=mm&r=g","url":"https:\/\/secure.gravatar.com\/avatar\/c668a990a74cab788656ef7edec4372ad42eb2379f1a3b692048b4c5fc9c3b11?s=96&d=mm&r=g","contentUrl":"https:\/\/secure.gravatar.com\/avatar\/c668a990a74cab788656ef7edec4372ad42eb2379f1a3b692048b4c5fc9c3b11?s=96&d=mm&r=g","caption":"econ industries"}}]}},"_links":{"self":[{"href":"https:\/\/www.econindustries.com\/de\/wp-json\/wp\/v2\/posts\/4664","targetHints":{"allow":["GET"]}}],"collection":[{"href":"https:\/\/www.econindustries.com\/de\/wp-json\/wp\/v2\/posts"}],"about":[{"href":"https:\/\/www.econindustries.com\/de\/wp-json\/wp\/v2\/types\/post"}],"author":[{"embeddable":true,"href":"https:\/\/www.econindustries.com\/de\/wp-json\/wp\/v2\/users\/10"}],"replies":[{"embeddable":true,"href":"https:\/\/www.econindustries.com\/de\/wp-json\/wp\/v2\/comments?post=4664"}],"version-history":[{"count":2,"href":"https:\/\/www.econindustries.com\/de\/wp-json\/wp\/v2\/posts\/4664\/revisions"}],"predecessor-version":[{"id":4666,"href":"https:\/\/www.econindustries.com\/de\/wp-json\/wp\/v2\/posts\/4664\/revisions\/4666"}],"wp:featuredmedia":[{"embeddable":true,"href":"https:\/\/www.econindustries.com\/de\/wp-json\/wp\/v2\/media\/4673"}],"wp:attachment":[{"href":"https:\/\/www.econindustries.com\/de\/wp-json\/wp\/v2\/media?parent=4664"}],"wp:term":[{"taxonomy":"category","embeddable":true,"href":"https:\/\/www.econindustries.com\/de\/wp-json\/wp\/v2\/categories?post=4664"},{"taxonomy":"post_tag","embeddable":true,"href":"https:\/\/www.econindustries.com\/de\/wp-json\/wp\/v2\/tags?post=4664"}],"curies":[{"name":"wp","href":"https:\/\/api.w.org\/{rel}","templated":true}]}}